{"id":483,"date":"2020-05-09T03:30:19","date_gmt":"2020-05-09T01:30:19","guid":{"rendered":"http:\/\/parrocchiasanpietrodistra.it\/?p=483"},"modified":"2020-11-01T14:24:38","modified_gmt":"2020-11-01T13:24:38","slug":"raccolta-alimentare-al-noi-di-san-pietro-di-stra","status":"publish","type":"post","link":"https:\/\/parrocchiasanpietrodistra.it\/index.php\/2020\/05\/09\/raccolta-alimentare-al-noi-di-san-pietro-di-stra\/","title":{"rendered":"Raccolta alimentare al NOI di San Pietro di Stra"},"content":{"rendered":"\n<figure class=\"wp-block-image size-large\"><img loading=\"lazy\" decoding=\"async\" width=\"1024\" height=\"576\" src=\"https:\/\/parrocchiasanpietrodistra.it\/wp-content\/uploads\/2020\/05\/ping-pong-e-calcetto-1024x576.jpg\" alt=\"\" class=\"wp-image-484\" srcset=\"https:\/\/parrocchiasanpietrodistra.it\/wp-content\/uploads\/2020\/05\/ping-pong-e-calcetto-1024x576.jpg 1024w, https:\/\/parrocchiasanpietrodistra.it\/wp-content\/uploads\/2020\/05\/ping-pong-e-calcetto-300x169.jpg 300w, https:\/\/parrocchiasanpietrodistra.it\/wp-content\/uploads\/2020\/05\/ping-pong-e-calcetto-768x432.jpg 768w, https:\/\/parrocchiasanpietrodistra.it\/wp-content\/uploads\/2020\/05\/ping-pong-e-calcetto-1536x864.jpg 1536w, https:\/\/parrocchiasanpietrodistra.it\/wp-content\/uploads\/2020\/05\/ping-pong-e-calcetto-2048x1152.jpg 2048w\" sizes=\"auto, (max-width: 1024px) 100vw, 1024px\" \/><\/figure>\n\n\n\n<p class=\"has-drop-cap\">L&#8217;associazione NOI della nostra parrocchia si \u00e8 resa promotrice di una bella iniziativa solidale con una donazione, ai servizi sociali del comune di Stra, di generi alimentari destinati ai concittadini pi\u00f9 in difficolt\u00e0 in questo periodo di emergenza sanitaria.  Di tale iniziativa ha parlato anche il NOI della diocesi di Padova con un articolo pubblicato sul proprio sito internet e che riportiamo di seguito. <\/p>\n\n\n\n<p>\u201cDopo l\u2019iniziativa del carnevale, si \u00e8 chiuso un capitolo di uno stile di vita \u2013 racconta Niccol\u00f2 Matteo Conte, segretario del circolo NOI S. Pietro di Str\u00e0 \u2013 e si \u00e8 aperto un nuovo fronte con l\u2019emergenza Covid-19: una battaglia contro un nemico invisibile. Il nostro circolo non \u00e8 rimasto fermo a guardare, ma ci siamo rimboccati le maniche e ci siamo subito messi in moto per aiutare chi in tutta questa situazione di sofferenza \u00e8 stato maggiormente colpito.\u201d<\/p>\n\n\n\n<p>E cos\u00ec, a S. Pietro di Str\u00e0 i consiglieri del circolo Noi hanno promosso una raccolta di generi alimentari per venire incontro a chi ne ha pi\u00f9 bisogno. Il biliardo, il ping-pong, i tavolini da gioco del calcetto balilla non sono pi\u00f9 strumenti di gioco aggregativo per i ragazzi, ma sono diventati piani per ospitare pacchi di pasta, biscotti, e quanto necessario al sostentamento.<\/p>\n\n\n\n<p>Il circolo, che si \u00e8 fatto promotore, ha acquistato ben 20 borse di spesa e li ha donati ai Servizi Sociali del comune di Str\u00e0, affinch\u00e9 venissero consegnate alle persone pi\u00f9 in difficolt\u00e0.<\/p>\n\n\n\n<p>\u201cUn ringraziamento lo va a coloro che si stanno battendo per la vincita di questa partita \u2013 prosegue Niccol\u00f2 \u2013&nbsp; ai volontari<br>che sono il carburante per la riuscita di qualsiasi iniziativa. Una vicinanza speciale va a tutte quelle persone in difficolt\u00e0 che in un momento di crisi perdono la loro dignit\u00e0, personalit\u00e0, i propri stili di vita e obiettivi. In questa situazione bisogna cercare di essere<br>uniti, rispettare al meglio le regole che ci vengono dettate e di riuscire a ritornare al pi\u00f9 presto come prima, anzi, meglio di prima.&#8221; <\/p>\n\n\n\n<p><a rel=\"noreferrer noopener\" href=\"https:\/\/noipadova.it\/raccolta-alimentari-a-noi-s-pietro-di-stra\/?fbclid=IwAR3RlFCeo4RyjamBDqx8hswuv7SdQBItKcJ37Wv4rmrBpMZduYoT-yzSkuo\" target=\"_blank\">https:\/\/noipadova.it\/raccolta-alimentari-a-noi-s-pietro-di-stra<\/a><\/p>\n","protected":false},"excerpt":{"rendered":"<p>L&#8217;associazione NOI della nostra parrocchia si \u00e8 resa promotrice di una bella iniziativa solidale con una donazione, ai servizi sociali del comune di Stra, di generi alimentari destinati ai concittadini pi\u00f9 in difficolt\u00e0 in questo periodo di emergenza sanitaria. Di tale iniziativa ha parlato anche il NOI della diocesi di Padova con un articolo pubblicato &hellip; <a href=\"https:\/\/parrocchiasanpietrodistra.it\/index.php\/2020\/05\/09\/raccolta-alimentare-al-noi-di-san-pietro-di-stra\/\" class=\"more-link\">Continua a leggere <span class=\"screen-reader-text\">Raccolta alimentare al NOI di San Pietro di Stra<\/span><\/a><\/p>\n","protected":false},"author":1,"featured_media":0,"comment_status":"closed","ping_status":"closed","sticky":false,"template":"","format":"standard","meta":{"footnotes":""},"categories":[1],"tags":[],"class_list":["post-483","post","type-post","status-publish","format-standard","hentry","category-notizie"],"_links":{"self":[{"href":"https:\/\/parrocchiasanpietrodistra.it\/index.php\/wp-json\/wp\/v2\/posts\/483","targetHints":{"allow":["GET"]}}],"collection":[{"href":"https:\/\/parrocchiasanpietrodistra.it\/index.php\/wp-json\/wp\/v2\/posts"}],"about":[{"href":"https:\/\/parrocchiasanpietrodistra.it\/index.php\/wp-json\/wp\/v2\/types\/post"}],"author":[{"embeddable":true,"href":"https:\/\/parrocchiasanpietrodistra.it\/index.php\/wp-json\/wp\/v2\/users\/1"}],"replies":[{"embeddable":true,"href":"https:\/\/parrocchiasanpietrodistra.it\/index.php\/wp-json\/wp\/v2\/comments?post=483"}],"version-history":[{"count":7,"href":"https:\/\/parrocchiasanpietrodistra.it\/index.php\/wp-json\/wp\/v2\/posts\/483\/revisions"}],"predecessor-version":[{"id":491,"href":"https:\/\/parrocchiasanpietrodistra.it\/index.php\/wp-json\/wp\/v2\/posts\/483\/revisions\/491"}],"wp:attachment":[{"href":"https:\/\/parrocchiasanpietrodistra.it\/index.php\/wp-json\/wp\/v2\/media?parent=483"}],"wp:term":[{"taxonomy":"category","embeddable":true,"href":"https:\/\/parrocchiasanpietrodistra.it\/index.php\/wp-json\/wp\/v2\/categories?post=483"},{"taxonomy":"post_tag","embeddable":true,"href":"https:\/\/parrocchiasanpietrodistra.it\/index.php\/wp-json\/wp\/v2\/tags?post=483"}],"curies":[{"name":"wp","href":"https:\/\/api.w.org\/{rel}","templated":true}]}}