{"id":615,"date":"2020-12-28T00:38:39","date_gmt":"2020-12-27T23:38:39","guid":{"rendered":"http:\/\/parrocchiasanpietrodistra.it\/?p=615"},"modified":"2021-04-04T08:23:58","modified_gmt":"2021-04-04T06:23:58","slug":"presepi-natale-2020","status":"publish","type":"post","link":"https:\/\/parrocchiasanpietrodistra.it\/index.php\/2020\/12\/28\/presepi-natale-2020\/","title":{"rendered":"Concorso Presepi Natale 2020"},"content":{"rendered":"\n<div class=\"wp-block-image is-style-default\"><figure class=\"alignleft size-large is-resized\"><a href=\"https:\/\/parrocchiasanpietrodistra.it\/index.php\/rl_gallery\/natale-2020\/\"><img loading=\"lazy\" decoding=\"async\" src=\"https:\/\/parrocchiasanpietrodistra.it\/wp-content\/uploads\/2019\/12\/presepe-chiesa-1024x521.jpg\" alt=\"\" class=\"wp-image-384\" width=\"686\" height=\"349\" srcset=\"https:\/\/parrocchiasanpietrodistra.it\/wp-content\/uploads\/2019\/12\/presepe-chiesa-1024x521.jpg 1024w, https:\/\/parrocchiasanpietrodistra.it\/wp-content\/uploads\/2019\/12\/presepe-chiesa-300x153.jpg 300w, https:\/\/parrocchiasanpietrodistra.it\/wp-content\/uploads\/2019\/12\/presepe-chiesa-768x391.jpg 768w, https:\/\/parrocchiasanpietrodistra.it\/wp-content\/uploads\/2019\/12\/presepe-chiesa-1536x781.jpg 1536w, https:\/\/parrocchiasanpietrodistra.it\/wp-content\/uploads\/2019\/12\/presepe-chiesa-2048x1041.jpg 2048w\" sizes=\"auto, (max-width: 686px) 100vw, 686px\" \/><\/a><\/figure><\/div>\n\n\n\n<p class=\"has-drop-cap has-text-align-left\" id=\"block-0b486679-db4b-43ca-8678-ec669d004e5c\">Anche quest&#8217;anno l&#8217;associazione NOI organizza il tradizionale &#8220;Concorso Presepi&#8221; per le famiglie della nostra Parrocchia. A causa dell\u2019attuale situazione sanitaria i presepi non potranno essere visitati in presenza come gli scorsi anni, per aderire vi chiediamo semplicemente di inviarci 3 o 4 fotografie del vostro presepe all&#8217;indirizzo mail <a rel=\"noreferrer noopener\" href=\"mailto:info@parrocchiasanpietrodistra.it\" target=\"_blank\">info@parrocchiasanpietrodistra.it<\/a> oppure su WhatsApp al numero +39 349 1925591 indicando anche i nomi dei creatori. <\/p>\n\n\n\n<p class=\"has-drop-cap has-text-align-left\" id=\"block-cce78189-5440-4ece-ae17-3d3bc8f3e4f3\">La costruzione del presepe con i bambini e i ragazzi \u00e8 una tradizione da custodire, da tenere viva e anche in questo Natale &#8220;particolare&#8221; possa regalarci momenti di gioia e serenit\u00e0 da vivere in famiglia.<\/p>\n\n\n\n<blockquote class=\"wp-block-quote is-style-default is-layout-flow wp-block-quote-is-layout-flow\"><p><em>(Papa Francesco, lettera apostolica Admirabile signum)<\/em><\/p><p>\u201cCon questa Lettera vorrei sostenere la bella tradizione delle nostre famiglie, che nei giorni precedenti il Natale preparano il presepe. Come pure la consuetudine di allestirlo nei luoghi di lavoro, nelle scuole, negli ospedali, nelle carceri, nelle piazze\u2026 \u00c8 davvero un esercizio di fantasia creativa, che impiega i materiali pi\u00f9 disparati per dare vita a piccoli capolavori di bellezza. Si impara da bambini: quando pap\u00e0 e mamma, insieme ai nonni, trasmettono questa gioiosa abitudine, che racchiude in s\u00e9 una ricca spiritualit\u00e0 popolare. Mi auguro che questa pratica non venga mai meno; anzi, spero che, l\u00e0 dove fosse caduta in disuso, possa essere riscoperta e rivitalizzata.\u201d<\/p><\/blockquote>\n\n\n\n<div class=\"wp-block-buttons is-layout-flex wp-block-buttons-is-layout-flex\">\n<div class=\"wp-block-button\"><a class=\"wp-block-button__link\" href=\"https:\/\/parrocchiasanpietrodistra.it\/index.php\/rl_gallery\/natale-2020\/\">Vai alla galleria fotografica<\/a><\/div>\n<\/div>\n\n\n\n<p><\/p>\n","protected":false},"excerpt":{"rendered":"<p>Anche quest&#8217;anno l&#8217;associazione NOI organizza il tradizionale &#8220;Concorso Presepi&#8221; per le famiglie della nostra Parrocchia. A causa dell\u2019attuale situazione sanitaria i presepi non potranno essere visitati in presenza come gli scorsi anni, per aderire vi chiediamo semplicemente di inviarci 3 o 4 fotografie del vostro presepe all&#8217;indirizzo mail info@parrocchiasanpietrodistra.it oppure su WhatsApp al numero +39 &hellip; <a href=\"https:\/\/parrocchiasanpietrodistra.it\/index.php\/2020\/12\/28\/presepi-natale-2020\/\" class=\"more-link\">Continua a leggere <span class=\"screen-reader-text\">Concorso Presepi Natale 2020<\/span><\/a><\/p>\n","protected":false},"author":1,"featured_media":0,"comment_status":"closed","ping_status":"closed","sticky":false,"template":"","format":"standard","meta":{"footnotes":""},"categories":[1],"tags":[],"class_list":["post-615","post","type-post","status-publish","format-standard","hentry","category-notizie"],"_links":{"self":[{"href":"https:\/\/parrocchiasanpietrodistra.it\/index.php\/wp-json\/wp\/v2\/posts\/615","targetHints":{"allow":["GET"]}}],"collection":[{"href":"https:\/\/parrocchiasanpietrodistra.it\/index.php\/wp-json\/wp\/v2\/posts"}],"about":[{"href":"https:\/\/parrocchiasanpietrodistra.it\/index.php\/wp-json\/wp\/v2\/types\/post"}],"author":[{"embeddable":true,"href":"https:\/\/parrocchiasanpietrodistra.it\/index.php\/wp-json\/wp\/v2\/users\/1"}],"replies":[{"embeddable":true,"href":"https:\/\/parrocchiasanpietrodistra.it\/index.php\/wp-json\/wp\/v2\/comments?post=615"}],"version-history":[{"count":14,"href":"https:\/\/parrocchiasanpietrodistra.it\/index.php\/wp-json\/wp\/v2\/posts\/615\/revisions"}],"predecessor-version":[{"id":742,"href":"https:\/\/parrocchiasanpietrodistra.it\/index.php\/wp-json\/wp\/v2\/posts\/615\/revisions\/742"}],"wp:attachment":[{"href":"https:\/\/parrocchiasanpietrodistra.it\/index.php\/wp-json\/wp\/v2\/media?parent=615"}],"wp:term":[{"taxonomy":"category","embeddable":true,"href":"https:\/\/parrocchiasanpietrodistra.it\/index.php\/wp-json\/wp\/v2\/categories?post=615"},{"taxonomy":"post_tag","embeddable":true,"href":"https:\/\/parrocchiasanpietrodistra.it\/index.php\/wp-json\/wp\/v2\/tags?post=615"}],"curies":[{"name":"wp","href":"https:\/\/api.w.org\/{rel}","templated":true}]}}